{"id":417,"date":"2014-01-22T11:48:59","date_gmt":"2014-01-22T13:48:59","guid":{"rendered":"http:\/\/www.encontracaxiasdosul.com.br\/noticias\/?p=417"},"modified":"2014-01-22T11:48:59","modified_gmt":"2014-01-22T13:48:59","slug":"exposicao-frames-da-danca-acontece-em-caxias-do-sul","status":"publish","type":"post","link":"https:\/\/www.encontracaxiasdosul.com.br\/noticias\/exposicao-frames-da-danca-acontece-em-caxias-do-sul\/","title":{"rendered":"Exposi\u00e7\u00e3o Frames da Dan\u00e7a acontece em Caxias do Sul"},"content":{"rendered":"<p>A Prefeitura de Caxias do Sul, por meio da Unidade de Dan\u00e7a da Secretaria da Cultura, e a Livraria Do Arco da Velha realizam a exposi\u00e7\u00e3o \u201cFrames da Dan\u00e7a\u201d. A mostra, elaborada pela curadoria independente de Mona Carvalho, permanece para visita\u00e7\u00e3o na Livraria Do Arco da Velha at\u00e9 o dia 28 de fevereiro, de segunda a sexta-feira, das 9h30min \u00e0s 20h30min, e s\u00e1bados, das 10h \u00e0s 19h30min. A entrada \u00e9 franca.<\/p>\n<p>\u201cFrames da Dan\u00e7a\u201d \u00e9 fruto de uma sele\u00e7\u00e3o de obras de fot\u00f3grafos que acompanharam os trabalhos da Cia. Municipal de Dan\u00e7a, trazendo ao p\u00fablico uma mostra art\u00edstica de alguns de seus momentos. A exposi\u00e7\u00e3o conta com trabalhos dos fot\u00f3grafos Carolina Campos, Claudio Etges, Frank Jeske, Gil Grossi, Guilherme Jordani, Gustavo L. Pozza, Lauro Grivot, Maicon Damasceno, M\u00e1rio Andr\u00e9 Coelho de Souza, Maur\u00edcio Concatto e Ricardo Wolffenbuttel.<\/p>\n<p><b>Sobre a Cia. Municipal de Dan\u00e7a<\/b><\/p>\n<p>A\u00a0 Cia. Municipal de Dan\u00e7a de Caxias do Sul foi institu\u00edda pela Lei n\u00b0 4.677 de Julho de 1997, sendo vinculada a Secretaria Municipal de Cultura. Estreou oficialmente em 12 de mar\u00e7o de 1998, no Teatro Municipal Pedro Parenti da Casa da Cultura, com o espet\u00e1culo \u201c1,2,3&#8230;UNO-DUO\u201d, composto de 9 cenas coreografadas por Thomas Plischke, Ney Moraes, Sigrid Nora, Cl\u00e1udia Palma, Eva Schul e Jair Moraes.<\/p>\n<p>Sendo a \u00fanica companhia oficial do Rio Grande do Sul e sem um core\u00f3grafo residente, a Cia. Municipal de Dan\u00e7a experimenta linguagens diversas atrav\u00e9s do contato com core\u00f3grafos nacionais e estrangeiros, que t\u00eam como qualidade comum a amplia\u00e7\u00e3o do vocabul\u00e1rio da dan\u00e7a contempor\u00e2nea.<\/p>\n<p>Com um perfil aberto, a Cia. busca inserir-se na contemporaneidade, privilegiando os processos criativos com base na investiga\u00e7\u00e3o e experimenta\u00e7\u00e3o, e apostando na fus\u00e3o de diversas linguagens.<\/p>\n<p>Desde a sua cria\u00e7\u00e3o at\u00e9 o presente momento, foram diretores da Cia.: Sigrid Nora (1997 a 2004), Carine Soares Turelly (2005), Renato Filippini (2005 a 2007), Dora de Resende Fabi\u00e3o (2007 a 2008) e Cristina Nora Calcagnotto (2009 at\u00e9 hoje).<\/p>\n<p>A Cia. Municipal de Dan\u00e7a faz parte de projetos financiados pela Lei Municipal de Incentivo \u00e0 Cultura e tem como apoiadores culturais a Unimed Nordeste e as Empresas Randon. Sua sede localiza-se no Centro Municipal de Cultura Dr. Henrique Ordov\u00e1s Filho e seus projetos culturais s\u00e3o viabilizados, atualmente, pela Associa\u00e7\u00e3o dos Amigos do Centro Municipal de Cultura Dr. Henrique Ordov\u00e1s Filho \u2013 A.A.M.O.R.<\/p>\n<p><b>Servi\u00e7o:<br \/>\nFragmento da Exposi\u00e7\u00e3o fotogr\u00e1fica \u201cFrames da Dan\u00e7a\u201d<br \/>\nPer\u00edodo de visita\u00e7\u00e3o:<\/b> At\u00e9 28 de fevereiro de 2014<br \/>\n<b>Local:<\/b> Livraria Do Arco da Velha<br \/>\n<b>Hor\u00e1rio:<\/b> Segunda a sexta-feira, das 9h30min \u00e0s 20h30min e s\u00e1bados, das 10h \u00e0s 19h30min<br \/>\n<b>Entrada Franca<\/b><br \/>\n<b><br \/>\n<\/b><\/p>\n","protected":false},"excerpt":{"rendered":"<p>A Prefeitura de Caxias do Sul, por meio da Unidade de Dan\u00e7a da Secretaria da Cultura, e a Livraria Do Arco da Velha realizam a exposi\u00e7\u00e3o \u201cFrames da Dan\u00e7a\u201d. A mostra, elaborada pela curadoria independente de Mona Carvalho, permanece para visita\u00e7\u00e3o na Livraria Do Arco da Velha at\u00e9 o dia 28 de fevereiro, de segunda [&hellip;]<\/p>\n","protected":false},"author":1,"featured_media":0,"comment_status":"open","ping_status":"open","sticky":false,"template":"","format":"standard","meta":{"footnotes":""},"categories":[6],"tags":[],"class_list":["post-417","post","type-post","status-publish","format-standard","hentry","category-noticias"],"_links":{"self":[{"href":"https:\/\/www.encontracaxiasdosul.com.br\/noticias\/wp-json\/wp\/v2\/posts\/417","targetHints":{"allow":["GET"]}}],"collection":[{"href":"https:\/\/www.encontracaxiasdosul.com.br\/noticias\/wp-json\/wp\/v2\/posts"}],"about":[{"href":"https:\/\/www.encontracaxiasdosul.com.br\/noticias\/wp-json\/wp\/v2\/types\/post"}],"author":[{"embeddable":true,"href":"https:\/\/www.encontracaxiasdosul.com.br\/noticias\/wp-json\/wp\/v2\/users\/1"}],"replies":[{"embeddable":true,"href":"https:\/\/www.encontracaxiasdosul.com.br\/noticias\/wp-json\/wp\/v2\/comments?post=417"}],"version-history":[{"count":1,"href":"https:\/\/www.encontracaxiasdosul.com.br\/noticias\/wp-json\/wp\/v2\/posts\/417\/revisions"}],"predecessor-version":[{"id":418,"href":"https:\/\/www.encontracaxiasdosul.com.br\/noticias\/wp-json\/wp\/v2\/posts\/417\/revisions\/418"}],"wp:attachment":[{"href":"https:\/\/www.encontracaxiasdosul.com.br\/noticias\/wp-json\/wp\/v2\/media?parent=417"}],"wp:term":[{"taxonomy":"category","embeddable":true,"href":"https:\/\/www.encontracaxiasdosul.com.br\/noticias\/wp-json\/wp\/v2\/categories?post=417"},{"taxonomy":"post_tag","embeddable":true,"href":"https:\/\/www.encontracaxiasdosul.com.br\/noticias\/wp-json\/wp\/v2\/tags?post=417"}],"curies":[{"name":"wp","href":"https:\/\/api.w.org\/{rel}","templated":true}]}}